{"id":268,"date":"2026-04-07T08:36:57","date_gmt":"2026-04-07T08:36:57","guid":{"rendered":"https:\/\/ozeroglu.av.tr\/tr\/?p=268"},"modified":"2026-04-07T08:52:17","modified_gmt":"2026-04-07T08:52:17","slug":"sirketler-hukuku","status":"publish","type":"post","link":"https:\/\/ozeroglu.av.tr\/tr\/?p=268","title":{"rendered":"\u015eirketler Hukuku"},"content":{"rendered":"<p>\u00d6zero\u011flu Hukuk B\u00fcrosu adi ortakl\u0131klar ba\u015fta olmak \u00fczere her t\u00fcrl\u00fc ticaret \u015firketlerinin (kollektif, adi komandit \u015firketlerle) sermaye \u015firketleri olan anonim \u015firketler, limited \u015firketler, \u00f6n \u015firketin ve kooperatiflerin olu\u015fumu, her t\u00fcrl\u00fc \u015firketin kurulmas\u0131, her t\u00fcrl\u00fc \u015firketin esas s\u00f6zle\u015fmesinin haz\u0131rlanmas\u0131, \u015firketlerin organlar\u0131n\u0131n olu\u015fumu, genel kurullar\u0131n \u00e7a\u011fr\u0131 da dahil olmak \u00fczere icras\u0131 i\u015flemleri, y\u00f6netim kurulunun olu\u015fumu ve t\u00fcm y\u00f6netim ve temsil i\u015flemlerinde dan\u0131\u015fmanl\u0131k ve uyu\u015fmazl\u0131klarla ilgili olarak davalar\u0131n y\u00fcr\u00fct\u00fclmesi, pay ve pay sahipli\u011fi haklar\u0131 ile \u015firket t\u00fczel ki\u015fili\u011fi aleyhine a\u00e7\u0131lacak her t\u00fcrl\u00fc davalar\u0131n a\u00e7\u0131lmas\u0131, halka a\u00e7\u0131k anonim ortakl\u0131klar, halka arz ve sermaye artt\u0131r\u0131mlar\u0131 ba\u015fta olmak \u00fczere sermaye piyasas\u0131 konular\u0131yla ilgili her t\u00fcrl\u00fc dan\u0131\u015fmanl\u0131k ve davalar\u0131n g\u00f6r\u00fclmesi b\u00fcromuz taraf\u0131ndan yap\u0131lmaktad\u0131r.<\/p>\n","protected":false},"excerpt":{"rendered":"<p>\u00d6zero\u011flu Hukuk B\u00fcrosu adi ortakl\u0131klar ba\u015fta olmak \u00fczere her t\u00fcrl\u00fc ticaret \u015firketlerinin (kollektif, adi komandit \u015firketlerle) sermaye \u015firketleri olan anonim \u015firketler, limited \u015firketler, \u00f6n \u015firketin ve kooperatiflerin olu\u015fumu, her t\u00fcrl\u00fc \u015firketin kurulmas\u0131, her t\u00fcrl\u00fc \u015firketin esas s\u00f6zle\u015fmesinin haz\u0131rlanmas\u0131, \u015firketlerin organlar\u0131n\u0131n olu\u015fumu, genel kurullar\u0131n \u00e7a\u011fr\u0131 da dahil olmak \u00fczere icras\u0131 i\u015flemleri, y\u00f6netim kurulunun olu\u015fumu ve t\u00fcm&#8230; <\/p>\n<div class=\"clear\"><\/div>\n<p><a href=\"https:\/\/ozeroglu.av.tr\/tr\/?p=268\" class=\"gdlr-info-font excerpt-read-more\">devam\u0131<\/a><\/p>\n","protected":false},"author":1,"featured_media":92,"comment_status":"closed","ping_status":"closed","sticky":false,"template":"","format":"standard","meta":{"footnotes":""},"categories":[2],"tags":[],"class_list":["post-268","post","type-post","status-publish","format-standard","has-post-thumbnail","hentry","category-calisma-alanlari"],"_links":{"self":[{"href":"https:\/\/ozeroglu.av.tr\/tr\/index.php?rest_route=\/wp\/v2\/posts\/268","targetHints":{"allow":["GET"]}}],"collection":[{"href":"https:\/\/ozeroglu.av.tr\/tr\/index.php?rest_route=\/wp\/v2\/posts"}],"about":[{"href":"https:\/\/ozeroglu.av.tr\/tr\/index.php?rest_route=\/wp\/v2\/types\/post"}],"author":[{"embeddable":true,"href":"https:\/\/ozeroglu.av.tr\/tr\/index.php?rest_route=\/wp\/v2\/users\/1"}],"replies":[{"embeddable":true,"href":"https:\/\/ozeroglu.av.tr\/tr\/index.php?rest_route=%2Fwp%2Fv2%2Fcomments&post=268"}],"version-history":[{"count":2,"href":"https:\/\/ozeroglu.av.tr\/tr\/index.php?rest_route=\/wp\/v2\/posts\/268\/revisions"}],"predecessor-version":[{"id":286,"href":"https:\/\/ozeroglu.av.tr\/tr\/index.php?rest_route=\/wp\/v2\/posts\/268\/revisions\/286"}],"wp:featuredmedia":[{"embeddable":true,"href":"https:\/\/ozeroglu.av.tr\/tr\/index.php?rest_route=\/wp\/v2\/media\/92"}],"wp:attachment":[{"href":"https:\/\/ozeroglu.av.tr\/tr\/index.php?rest_route=%2Fwp%2Fv2%2Fmedia&parent=268"}],"wp:term":[{"taxonomy":"category","embeddable":true,"href":"https:\/\/ozeroglu.av.tr\/tr\/index.php?rest_route=%2Fwp%2Fv2%2Fcategories&post=268"},{"taxonomy":"post_tag","embeddable":true,"href":"https:\/\/ozeroglu.av.tr\/tr\/index.php?rest_route=%2Fwp%2Fv2%2Ftags&post=268"}],"curies":[{"name":"wp","href":"https:\/\/api.w.org\/{rel}","templated":true}]}}