{"id":270,"date":"2026-04-07T08:38:57","date_gmt":"2026-04-07T08:38:57","guid":{"rendered":"https:\/\/ozeroglu.av.tr\/tr\/?p=270"},"modified":"2026-04-07T10:42:28","modified_gmt":"2026-04-07T10:42:28","slug":"is-ve-sosyal-guvenlik-hukuku","status":"publish","type":"post","link":"https:\/\/ozeroglu.av.tr\/tr\/?p=270","title":{"rendered":"\u0130\u015f ve Sosyal G\u00fcvenlik Hukuku"},"content":{"rendered":"<p>\u00d6zero\u011flu Hukuk B\u00fcrosu, bireysel hizmet s\u00f6zle\u015fmelerin ve toplu i\u015f s\u00f6zle\u015fmelerinin haz\u0131rlanmas\u0131 ve yenilenen Yarg\u0131tay i\u00e7tihatlar\u0131 \u0131\u015f\u0131\u011f\u0131nda yenilenmesi, i\u015f s\u00f6zle\u015fmelerinin feshi ve i\u015ften \u00e7\u0131karma hallerinde; ihtar ve fesih bildirimi s\u00fcrecinde hukuki dan\u0131\u015fmanl\u0131k ve i\u015f davalar\u0131n\u0131n y\u00fcr\u00fct\u00fclmesi, destekten yoksun kalma, k\u0131dem tazminat\u0131, ihbar tazminat\u0131, fazla mesai \u00fccreti ve \u00fccret alacaklar\u0131n\u0131n tahsili, i\u015fe iade davalar\u0131, s\u00fcrecinin y\u00fcr\u00fct\u00fclmesi, i\u015f kazas\u0131 ve meslek hastal\u0131klar\u0131na ili\u015fkin her t\u00fcrl\u00fc davalar ve m\u00fcvekkillerine i\u015f ve sosyal g\u00fcvenlik hukukuna ili\u015fkin haklar\u0131n korunmas\u0131 ama\u00e7l\u0131 hukuki dan\u0131\u015fmanl\u0131k ve destek sunulmaktad\u0131r.<\/p>\n","protected":false},"excerpt":{"rendered":"<p>\u00d6zero\u011flu Hukuk B\u00fcrosu, bireysel hizmet s\u00f6zle\u015fmelerin ve toplu i\u015f s\u00f6zle\u015fmelerinin haz\u0131rlanmas\u0131 ve yenilenen Yarg\u0131tay i\u00e7tihatlar\u0131 \u0131\u015f\u0131\u011f\u0131nda yenilenmesi, i\u015f s\u00f6zle\u015fmelerinin feshi ve i\u015ften \u00e7\u0131karma hallerinde; ihtar ve fesih bildirimi s\u00fcrecinde hukuki dan\u0131\u015fmanl\u0131k ve i\u015f davalar\u0131n\u0131n y\u00fcr\u00fct\u00fclmesi, destekten yoksun kalma, k\u0131dem tazminat\u0131, ihbar tazminat\u0131, fazla mesai \u00fccreti ve \u00fccret alacaklar\u0131n\u0131n tahsili, i\u015fe iade davalar\u0131, s\u00fcrecinin y\u00fcr\u00fct\u00fclmesi, i\u015f&#8230; <\/p>\n<div class=\"clear\"><\/div>\n<p><a href=\"https:\/\/ozeroglu.av.tr\/tr\/?p=270\" class=\"gdlr-info-font excerpt-read-more\">devam\u0131<\/a><\/p>\n","protected":false},"author":1,"featured_media":41,"comment_status":"closed","ping_status":"closed","sticky":false,"template":"","format":"standard","meta":{"footnotes":""},"categories":[2],"tags":[],"class_list":["post-270","post","type-post","status-publish","format-standard","has-post-thumbnail","hentry","category-calisma-alanlari"],"_links":{"self":[{"href":"https:\/\/ozeroglu.av.tr\/tr\/index.php?rest_route=\/wp\/v2\/posts\/270","targetHints":{"allow":["GET"]}}],"collection":[{"href":"https:\/\/ozeroglu.av.tr\/tr\/index.php?rest_route=\/wp\/v2\/posts"}],"about":[{"href":"https:\/\/ozeroglu.av.tr\/tr\/index.php?rest_route=\/wp\/v2\/types\/post"}],"author":[{"embeddable":true,"href":"https:\/\/ozeroglu.av.tr\/tr\/index.php?rest_route=\/wp\/v2\/users\/1"}],"replies":[{"embeddable":true,"href":"https:\/\/ozeroglu.av.tr\/tr\/index.php?rest_route=%2Fwp%2Fv2%2Fcomments&post=270"}],"version-history":[{"count":2,"href":"https:\/\/ozeroglu.av.tr\/tr\/index.php?rest_route=\/wp\/v2\/posts\/270\/revisions"}],"predecessor-version":[{"id":294,"href":"https:\/\/ozeroglu.av.tr\/tr\/index.php?rest_route=\/wp\/v2\/posts\/270\/revisions\/294"}],"wp:featuredmedia":[{"embeddable":true,"href":"https:\/\/ozeroglu.av.tr\/tr\/index.php?rest_route=\/wp\/v2\/media\/41"}],"wp:attachment":[{"href":"https:\/\/ozeroglu.av.tr\/tr\/index.php?rest_route=%2Fwp%2Fv2%2Fmedia&parent=270"}],"wp:term":[{"taxonomy":"category","embeddable":true,"href":"https:\/\/ozeroglu.av.tr\/tr\/index.php?rest_route=%2Fwp%2Fv2%2Fcategories&post=270"},{"taxonomy":"post_tag","embeddable":true,"href":"https:\/\/ozeroglu.av.tr\/tr\/index.php?rest_route=%2Fwp%2Fv2%2Ftags&post=270"}],"curies":[{"name":"wp","href":"https:\/\/api.w.org\/{rel}","templated":true}]}}