{"id":272,"date":"2026-04-07T08:40:18","date_gmt":"2026-04-07T08:40:18","guid":{"rendered":"https:\/\/ozeroglu.av.tr\/tr\/?p=272"},"modified":"2026-04-07T08:40:18","modified_gmt":"2026-04-07T08:40:18","slug":"kira-hukuku","status":"publish","type":"post","link":"https:\/\/ozeroglu.av.tr\/tr\/?p=272","title":{"rendered":"Kira Hukuku"},"content":{"rendered":"<p>\u00d6zero\u011flu Hukuk B\u00fcrosu olarak; kira hukukuna ait her t\u00fcrl\u00fc uyu\u015fmazl\u0131klar, s\u00f6zle\u015fmelerin haz\u0131rlanmas\u0131 ve davalar\u0131n g\u00f6r\u00fcm ve \u00e7\u00f6z\u00fcm\u00fc s\u00fcreci ba\u015fta olmak \u00fczere \u0130\u015fyeri ve konut kira s\u00f6zle\u015fmeleri ve haz\u0131rlanmas\u0131, mevcut s\u00f6zle\u015fme ko\u015fullar\u0131na dair uyu\u015fmazl\u0131klar olarak kira bedelinin tespiti, kira s\u00f6zle\u015fmesinin feshi, kira s\u00f6zle\u015fmesinden do\u011fan alacaklar\u0131n tahsili, kiralanan\u0131n tahliyesi ba\u015fta olmak \u00fczere davalar\u0131n s\u00fcrd\u00fcr\u00fclmesi ve takibi, kiralar\u0131n ekonomik ve siyasi geli\u015fmeler kar\u015f\u0131s\u0131nda g\u00fcncellenmesi ya da piyasa ko\u015fullar\u0131na uyarlanmas\u0131, kira s\u00f6zle\u015fmesinden do\u011fan hak ve alacaklar\u0131n etkin bir \u015fekilde korunmas\u0131nda ve s\u00f6zle\u015fmeden do\u011fan uyu\u015fmazl\u0131klar\u0131n \u00e7\u00f6z\u00fcm\u00fcnde hukuki dan\u0131\u015fmanl\u0131k ve destek hizmeti verilmektedir.<\/p>\n","protected":false},"excerpt":{"rendered":"<p>\u00d6zero\u011flu Hukuk B\u00fcrosu olarak; kira hukukuna ait her t\u00fcrl\u00fc uyu\u015fmazl\u0131klar, s\u00f6zle\u015fmelerin haz\u0131rlanmas\u0131 ve davalar\u0131n g\u00f6r\u00fcm ve \u00e7\u00f6z\u00fcm\u00fc s\u00fcreci ba\u015fta olmak \u00fczere \u0130\u015fyeri ve konut kira s\u00f6zle\u015fmeleri ve haz\u0131rlanmas\u0131, mevcut s\u00f6zle\u015fme ko\u015fullar\u0131na dair uyu\u015fmazl\u0131klar olarak kira bedelinin tespiti, kira s\u00f6zle\u015fmesinin feshi, kira s\u00f6zle\u015fmesinden do\u011fan alacaklar\u0131n tahsili, kiralanan\u0131n tahliyesi ba\u015fta olmak \u00fczere davalar\u0131n s\u00fcrd\u00fcr\u00fclmesi ve takibi, kiralar\u0131n&#8230; <\/p>\n<div class=\"clear\"><\/div>\n<p><a href=\"https:\/\/ozeroglu.av.tr\/tr\/?p=272\" class=\"gdlr-info-font excerpt-read-more\">devam\u0131<\/a><\/p>\n","protected":false},"author":1,"featured_media":143,"comment_status":"closed","ping_status":"closed","sticky":false,"template":"","format":"standard","meta":{"footnotes":""},"categories":[2],"tags":[],"class_list":["post-272","post","type-post","status-publish","format-standard","has-post-thumbnail","hentry","category-calisma-alanlari"],"_links":{"self":[{"href":"https:\/\/ozeroglu.av.tr\/tr\/index.php?rest_route=\/wp\/v2\/posts\/272","targetHints":{"allow":["GET"]}}],"collection":[{"href":"https:\/\/ozeroglu.av.tr\/tr\/index.php?rest_route=\/wp\/v2\/posts"}],"about":[{"href":"https:\/\/ozeroglu.av.tr\/tr\/index.php?rest_route=\/wp\/v2\/types\/post"}],"author":[{"embeddable":true,"href":"https:\/\/ozeroglu.av.tr\/tr\/index.php?rest_route=\/wp\/v2\/users\/1"}],"replies":[{"embeddable":true,"href":"https:\/\/ozeroglu.av.tr\/tr\/index.php?rest_route=%2Fwp%2Fv2%2Fcomments&post=272"}],"version-history":[{"count":1,"href":"https:\/\/ozeroglu.av.tr\/tr\/index.php?rest_route=\/wp\/v2\/posts\/272\/revisions"}],"predecessor-version":[{"id":273,"href":"https:\/\/ozeroglu.av.tr\/tr\/index.php?rest_route=\/wp\/v2\/posts\/272\/revisions\/273"}],"wp:featuredmedia":[{"embeddable":true,"href":"https:\/\/ozeroglu.av.tr\/tr\/index.php?rest_route=\/wp\/v2\/media\/143"}],"wp:attachment":[{"href":"https:\/\/ozeroglu.av.tr\/tr\/index.php?rest_route=%2Fwp%2Fv2%2Fmedia&parent=272"}],"wp:term":[{"taxonomy":"category","embeddable":true,"href":"https:\/\/ozeroglu.av.tr\/tr\/index.php?rest_route=%2Fwp%2Fv2%2Fcategories&post=272"},{"taxonomy":"post_tag","embeddable":true,"href":"https:\/\/ozeroglu.av.tr\/tr\/index.php?rest_route=%2Fwp%2Fv2%2Ftags&post=272"}],"curies":[{"name":"wp","href":"https:\/\/api.w.org\/{rel}","templated":true}]}}