{"id":276,"date":"2026-04-07T08:42:26","date_gmt":"2026-04-07T08:42:26","guid":{"rendered":"https:\/\/ozeroglu.av.tr\/tr\/?p=276"},"modified":"2026-04-07T08:52:56","modified_gmt":"2026-04-07T08:52:56","slug":"idare-ve-vergi-hukuku","status":"publish","type":"post","link":"https:\/\/ozeroglu.av.tr\/tr\/?p=276","title":{"rendered":"\u0130dare ve Vergi Hukuku"},"content":{"rendered":"<p>\u00d6zero\u011flu Hukuk B\u00fcrosu, Askeri ve sivil idari otoriteler taraf\u0131ndan ger\u00e7ekle\u015ftirilen her t\u00fcrl\u00fc idari i\u015flem karar ve eylemlere muhatap olan m\u00fcvekkillerin hak kayb\u0131 ya\u015famamas\u0131 i\u00e7in hukuki ilkeler \u0131\u015f\u0131\u011f\u0131nda idareye kar\u015f\u0131 haklar\u0131n\u0131n korunmas\u0131 i\u00e7in her t\u00fcrl\u00fc idari dava ve ba\u015fvurularda bulunur ve m\u00fcvekkillerine hukuki deste\u011fi sa\u011flar. Hukuka ayk\u0131r\u0131 idari i\u015flem ve eylemlerin iptali istemli davalarla, idareye kar\u015f\u0131 y\u00fcr\u00fct\u00fclen her t\u00fcrl\u00fc tam yarg\u0131 davalar\u0131n\u0131n, idari s\u00f6zle\u015fmelerin takibi ve sonu\u00e7land\u0131r\u0131lmas\u0131n\u0131 ger\u00e7ekle\u015ftirmektedir. \u00d6te yandan Devlet ve m\u00fckellef aras\u0131nda meydana gelen vergi uyu\u015fmazl\u0131klar\u0131n\u0131n g\u00fcncellenen mevzuatlar\u0131 \u0131\u015f\u0131\u011f\u0131nda; dava \u00f6ncesi uzla\u015fma s\u00fcrecinin y\u00fcr\u00fct\u00fclmesi, dava yoluna ba\u015fvurulmas\u0131 gereken hallerde dava takibinin sa\u011flanmas\u0131, vergi cezalar\u0131n\u0131n iptali i\u015flemleri ve d\u00fczeltme talepleri konular\u0131nda m\u00fcvekkillerine dan\u0131\u015fmanl\u0131k hizmeti sunmaktad\u0131r. Gerek idare gerekse vergi hukuku alan\u0131nda m\u00fcvekkillerin haklar\u0131n\u0131n korunmas\u0131 i\u00e7in her t\u00fcrl\u00fc hukuki \u00e7al\u0131\u015fmay\u0131 s\u00fcrd\u00fcrmektedir.<\/p>\n","protected":false},"excerpt":{"rendered":"<p>\u00d6zero\u011flu Hukuk B\u00fcrosu, Askeri ve sivil idari otoriteler taraf\u0131ndan ger\u00e7ekle\u015ftirilen her t\u00fcrl\u00fc idari i\u015flem karar ve eylemlere muhatap olan m\u00fcvekkillerin hak kayb\u0131 ya\u015famamas\u0131 i\u00e7in hukuki ilkeler \u0131\u015f\u0131\u011f\u0131nda idareye kar\u015f\u0131 haklar\u0131n\u0131n korunmas\u0131 i\u00e7in her t\u00fcrl\u00fc idari dava ve ba\u015fvurularda bulunur ve m\u00fcvekkillerine hukuki deste\u011fi sa\u011flar. Hukuka ayk\u0131r\u0131 idari i\u015flem ve eylemlerin iptali istemli davalarla, idareye kar\u015f\u0131&#8230; <\/p>\n<div class=\"clear\"><\/div>\n<p><a href=\"https:\/\/ozeroglu.av.tr\/tr\/?p=276\" class=\"gdlr-info-font excerpt-read-more\">devam\u0131<\/a><\/p>\n","protected":false},"author":1,"featured_media":209,"comment_status":"closed","ping_status":"closed","sticky":false,"template":"","format":"standard","meta":{"footnotes":""},"categories":[2],"tags":[],"class_list":["post-276","post","type-post","status-publish","format-standard","has-post-thumbnail","hentry","category-calisma-alanlari"],"_links":{"self":[{"href":"https:\/\/ozeroglu.av.tr\/tr\/index.php?rest_route=\/wp\/v2\/posts\/276","targetHints":{"allow":["GET"]}}],"collection":[{"href":"https:\/\/ozeroglu.av.tr\/tr\/index.php?rest_route=\/wp\/v2\/posts"}],"about":[{"href":"https:\/\/ozeroglu.av.tr\/tr\/index.php?rest_route=\/wp\/v2\/types\/post"}],"author":[{"embeddable":true,"href":"https:\/\/ozeroglu.av.tr\/tr\/index.php?rest_route=\/wp\/v2\/users\/1"}],"replies":[{"embeddable":true,"href":"https:\/\/ozeroglu.av.tr\/tr\/index.php?rest_route=%2Fwp%2Fv2%2Fcomments&post=276"}],"version-history":[{"count":1,"href":"https:\/\/ozeroglu.av.tr\/tr\/index.php?rest_route=\/wp\/v2\/posts\/276\/revisions"}],"predecessor-version":[{"id":277,"href":"https:\/\/ozeroglu.av.tr\/tr\/index.php?rest_route=\/wp\/v2\/posts\/276\/revisions\/277"}],"wp:featuredmedia":[{"embeddable":true,"href":"https:\/\/ozeroglu.av.tr\/tr\/index.php?rest_route=\/wp\/v2\/media\/209"}],"wp:attachment":[{"href":"https:\/\/ozeroglu.av.tr\/tr\/index.php?rest_route=%2Fwp%2Fv2%2Fmedia&parent=276"}],"wp:term":[{"taxonomy":"category","embeddable":true,"href":"https:\/\/ozeroglu.av.tr\/tr\/index.php?rest_route=%2Fwp%2Fv2%2Fcategories&post=276"},{"taxonomy":"post_tag","embeddable":true,"href":"https:\/\/ozeroglu.av.tr\/tr\/index.php?rest_route=%2Fwp%2Fv2%2Ftags&post=276"}],"curies":[{"name":"wp","href":"https:\/\/api.w.org\/{rel}","templated":true}]}}